{"id":891,"date":"2016-07-28T20:57:16","date_gmt":"2016-07-28T19:57:16","guid":{"rendered":"http:\/\/www.dutchnationalteam.nl\/mdnt\/?p=891"},"modified":"2016-07-28T20:58:22","modified_gmt":"2016-07-28T19:58:22","slug":"ec-2016-practice-day-6","status":"publish","type":"post","link":"https:\/\/www.dutchnationalteam.nl\/mdnt\/ec-2016-practice-day-6\/","title":{"rendered":"EC 2016 Practice day 6"},"content":{"rendered":"<p>Dag 6 \u2013 Dinsdag 26 juli 2016 (English below)<br \/>\n Als je op de volgende link klikt, zie je alle foto\u2019s:<br \/>\n<strong>https:\/\/flic.kr\/s\/aHskFgM2Tr<\/strong><br \/>\n Vanmorgen hadden we om 07.00 uur ons laatste ontbijt in P\u00fcsp\u00f6kszil\u00e1gy en daarna de laatste training. Na de training ging iedereen douchen en alles opruimen. Na de lunch kwam de bus om ons naar G\u00f6d\u00f6ll\u00f5 te brengen. Toen we wegreden, stonden de eigenaar, medewerkers en de burgemeester ons uit te zwaaien met de oranje zonnebril op, die wij ze gegeven hadden! Tegen half 3 kwamen we op de campus aan en kon iedereen inchecken. Om 4 uur stonden de jongens hier op het veld voor een oefenwedstrijd tegen Schotland, die eerder afgebroken werd vanwege naderend onweer. Het is nog steeds enorm warm hier met af en toe een verkoelende onweersbui. <\/p>\n<p>Day 6 \u2013 Tuesday 26th July 2016<br \/>\n If you click on the following link, you can see all pictures:<br \/>\n<strong>https:\/\/flic.kr\/s\/aHskFgM2Tr<\/strong><br \/>\n This morning we had our last breakfast in P\u00fcsp\u00f6kszil\u00e1gy at 07.00 am and afterwards the last morning practice. After practice everybody took a shower and started cleaning up stuff. When we finished lunch, the bus came to take us to G\u00f6d\u00f6ll\u00f5. When we drove off, the owner, his staff and the mayor waved us off wearing the orange sunglasses we gave them! About 2.30 pm we arrived at campus in G\u00f6d\u00f6ll\u00f5 and everyone could check in. At 4 pm the guys were already on the field again for a scrimmage against Scotland, which was ended early because of an approaching thunderstorm. It still is very hot down here with now and then a bit of a thunderstorm to cool off.<\/p>\n","protected":false},"excerpt":{"rendered":"<p>Dag 6 \u2013 Dinsdag 26 juli 2016 (English below) Als je op de volgende link klikt, zie je alle foto\u2019s: https:\/\/flic.kr\/s\/aHskFgM2Tr Vanmorgen hadden we om 07.00 uur ons laatste ontbijt in P\u00fcsp\u00f6kszil\u00e1gy en daarna de laatste training. Na de training ging iedereen douchen en alles opruimen. Na de lunch kwam de bus om ons naar &hellip; <\/p>\n<p class=\"link-more\"><a href=\"https:\/\/www.dutchnationalteam.nl\/mdnt\/ec-2016-practice-day-6\/\" class=\"more-link\">Continue reading<span class=\"screen-reader-text\"> &#8220;EC 2016 Practice day 6&#8221;<\/span><\/a><\/p>\n","protected":false},"author":4,"featured_media":0,"comment_status":"closed","ping_status":"closed","sticky":false,"template":"","format":"standard","meta":{"_links_to":"","_links_to_target":""},"categories":[1],"tags":[],"_links":{"self":[{"href":"https:\/\/www.dutchnationalteam.nl\/mdnt\/wp-json\/wp\/v2\/posts\/891"}],"collection":[{"href":"https:\/\/www.dutchnationalteam.nl\/mdnt\/wp-json\/wp\/v2\/posts"}],"about":[{"href":"https:\/\/www.dutchnationalteam.nl\/mdnt\/wp-json\/wp\/v2\/types\/post"}],"author":[{"embeddable":true,"href":"https:\/\/www.dutchnationalteam.nl\/mdnt\/wp-json\/wp\/v2\/users\/4"}],"replies":[{"embeddable":true,"href":"https:\/\/www.dutchnationalteam.nl\/mdnt\/wp-json\/wp\/v2\/comments?post=891"}],"version-history":[{"count":1,"href":"https:\/\/www.dutchnationalteam.nl\/mdnt\/wp-json\/wp\/v2\/posts\/891\/revisions"}],"predecessor-version":[{"id":892,"href":"https:\/\/www.dutchnationalteam.nl\/mdnt\/wp-json\/wp\/v2\/posts\/891\/revisions\/892"}],"wp:attachment":[{"href":"https:\/\/www.dutchnationalteam.nl\/mdnt\/wp-json\/wp\/v2\/media?parent=891"}],"wp:term":[{"taxonomy":"category","embeddable":true,"href":"https:\/\/www.dutchnationalteam.nl\/mdnt\/wp-json\/wp\/v2\/categories?post=891"},{"taxonomy":"post_tag","embeddable":true,"href":"https:\/\/www.dutchnationalteam.nl\/mdnt\/wp-json\/wp\/v2\/tags?post=891"}],"curies":[{"name":"wp","href":"https:\/\/api.w.org\/{rel}","templated":true}]}}